{"id":497,"date":"2025-03-28T14:41:49","date_gmt":"2025-03-28T13:41:49","guid":{"rendered":"https:\/\/die-massage-welle.de\/wordpress\/?p=497"},"modified":"2026-03-25T16:51:32","modified_gmt":"2026-03-25T15:51:32","slug":"veranstaltungen","status":"publish","type":"post","link":"https:\/\/die-massage-welle.de\/wordpress\/veranstaltungen\/","title":{"rendered":"Veranstaltungen"},"content":{"rendered":"<p>Meditation und Massage:<\/p>\n<p>: 28.3. noch ein Platz f\u00fcr eine Frau frei<\/p>\n<p>12.4. (Warteliste)<\/p>\n<p>Bitte kontaktieren Sie mich f\u00fcr aktuelle Termine und Absprachen zur Mitbringliste.<\/p>\n<p>Die Veranstaltungen sind privat und nur \u00fcber vorherigen pers\u00f6nlichen Kontakt zu besuchen. Neue Teilnehmer\/Innen sind herzlich willkommen.<\/p>\n","protected":false},"excerpt":{"rendered":"<p>Meditation und Massage: : 28.3. noch ein Platz f\u00fcr eine Frau frei 12.4. (Warteliste) Bitte kontaktieren Sie mich f\u00fcr aktuelle Termine und Absprachen zur Mitbringliste. Die Veranstaltungen sind privat und nur \u00fcber vorherigen pers\u00f6nlichen Kontakt zu besuchen. Neue Teilnehmer\/Innen sind herzlich willkommen.<\/p>\n","protected":false},"author":1,"featured_media":0,"comment_status":"closed","ping_status":"closed","sticky":false,"template":"","format":"standard","meta":{"footnotes":""},"categories":[1],"tags":[],"class_list":["post-497","post","type-post","status-publish","format-standard","hentry","category-uncategorized"],"_links":{"self":[{"href":"https:\/\/die-massage-welle.de\/wordpress\/wp-json\/wp\/v2\/posts\/497","targetHints":{"allow":["GET"]}}],"collection":[{"href":"https:\/\/die-massage-welle.de\/wordpress\/wp-json\/wp\/v2\/posts"}],"about":[{"href":"https:\/\/die-massage-welle.de\/wordpress\/wp-json\/wp\/v2\/types\/post"}],"author":[{"embeddable":true,"href":"https:\/\/die-massage-welle.de\/wordpress\/wp-json\/wp\/v2\/users\/1"}],"replies":[{"embeddable":true,"href":"https:\/\/die-massage-welle.de\/wordpress\/wp-json\/wp\/v2\/comments?post=497"}],"version-history":[{"count":11,"href":"https:\/\/die-massage-welle.de\/wordpress\/wp-json\/wp\/v2\/posts\/497\/revisions"}],"predecessor-version":[{"id":561,"href":"https:\/\/die-massage-welle.de\/wordpress\/wp-json\/wp\/v2\/posts\/497\/revisions\/561"}],"wp:attachment":[{"href":"https:\/\/die-massage-welle.de\/wordpress\/wp-json\/wp\/v2\/media?parent=497"}],"wp:term":[{"taxonomy":"category","embeddable":true,"href":"https:\/\/die-massage-welle.de\/wordpress\/wp-json\/wp\/v2\/categories?post=497"},{"taxonomy":"post_tag","embeddable":true,"href":"https:\/\/die-massage-welle.de\/wordpress\/wp-json\/wp\/v2\/tags?post=497"}],"curies":[{"name":"wp","href":"https:\/\/api.w.org\/{rel}","templated":true}]}}